{"id":2813,"date":"2016-03-31T23:38:03","date_gmt":"2016-03-31T22:38:03","guid":{"rendered":"http:\/\/www.ribaudiere.com\/en\/2016\/03\/14\/soiree-jazz-piano-et-voix-le-9-avril-2016\/"},"modified":"2016-04-10T18:25:29","modified_gmt":"2016-04-10T17:25:29","slug":"soiree-jazz-piano-et-voix-le-9-avril-2016","status":"publish","type":"post","link":"https:\/\/www.ribaudiere.com\/en\/2016\/03\/31\/soiree-jazz-piano-et-voix-le-9-avril-2016\/","title":{"rendered":"Soir\u00e9e jazz piano et voix le 9 avril 2016"},"content":{"rendered":"<p>Le 9 avril \u00e0 la Table du Clos, r\u00e9server votre table et passez un agr\u00e9able moment m\u00e9lodique avec le duo KARMA.<\/p>\n<p>Karma, c&#8217;est un subtil m\u00e9lange de voix, de claviers et de guitare sampl\u00e9s. Le duo est n\u00e9 de la rencontre entre Marie (chant) et Quentin (claviers, guitare, samples), pendant leurs \u00e9tudes musicales \u00e0 Tours.<\/p>\n<p>Imaginez : une soir\u00e9e tout en douceur, au son de p\u00e9pites Pop ou de standards Soul, des claviers, une guitare rythm\u00e9e, et des voix, des harmonies qui se m\u00ealent pour former un duo sinc\u00e8re et original. Vous voil\u00e0 devant Karma&#8230;<\/p>\n<p>Quelques enregistrements \u00e0 d\u00e9couvrir en attendant le diner du 9 avril&#8230;<\/p>\n<p><span class=\"soundTitle__title sc-font g-type-shrinkwrap-inline g-type-shrinkwrap-large-primary\"><a href=\"https:\/\/soundcloud.com\/karmaduo\/stoppin-the-love-kt-tunstall-cover\" target=\"_blank\">Stoppin&#8217; The Love &#8211; Kt Tunstall Cover<\/a><\/span><\/p>\n<p><span class=\"soundTitle__title sc-font g-type-shrinkwrap-inline g-type-shrinkwrap-large-primary\"><a href=\"https:\/\/soundcloud.com\/karmaduo\/i-need-a-dollar-vs-dani-california-aloe-blacc-rhcp-cover\" target=\"_blank\">I Need A Dollar vs Dani California &#8211; Aloe Blacc \/ Rhcp Cover<\/a><\/span><\/p>\n<p><a href=\"https:\/\/soundcloud.com\/karmaduo\/glory-call-kavinsky-vs-portishead-cover\" target=\"_blank\">Glory Call &#8211; Kavinsky vs Portishead <\/a><\/p>\n<p>et en vid\u00e9o :<\/p>\n<p><a href=\"https:\/\/www.youtube.com\/watch?v=Ec2HriTJgj8\" target=\"_blank\">Clip &#8216;Treasure&#8217; &#8211; Bruno Mars<\/a><\/p>\n<p>31<\/p>\n","protected":false},"excerpt":{"rendered":"<p>Le 9 avril \u00e0 la Table du Clos, r\u00e9server votre table et passez un agr\u00e9able moment m\u00e9lodique avec le duo KARMA. Karma, c&#8217;est un subtil m\u00e9lange de voix, de claviers et de guitare sampl\u00e9s. Le duo est n\u00e9 de la rencontre entre Marie (chant) et Quentin (claviers, guitare, samples), pendant leurs \u00e9tudes musicales \u00e0 Tours. [&hellip;]<\/p>\n","protected":false},"author":3,"featured_media":2678,"comment_status":"closed","ping_status":"closed","sticky":false,"template":"","format":"standard","meta":{"_acf_changed":false,"footnotes":""},"categories":[27],"tags":[],"class_list":["post-2813","post","type-post","status-publish","format-standard","has-post-thumbnail","hentry","category-the-clos"],"acf":[],"yoast_head":"<!-- This site is optimized with the Yoast SEO plugin v25.7 - https:\/\/yoast.com\/wordpress\/plugins\/seo\/ -->\n<title>Soir\u00e9e jazz piano et voix le 9 avril 2016 - Le Clos de la Ribaudi\u00e8re<\/title>\n<meta name=\"robots\" content=\"index, follow, max-snippet:-1, max-image-preview:large, max-video-preview:-1\" \/>\n<link rel=\"canonical\" href=\"https:\/\/www.ribaudiere.com\/en\/2016\/03\/31\/soiree-jazz-piano-et-voix-le-9-avril-2016\/\" \/>\n<meta property=\"og:locale\" content=\"en_US\" \/>\n<meta property=\"og:type\" content=\"article\" \/>\n<meta property=\"og:title\" content=\"Soir\u00e9e jazz piano et voix le 9 avril 2016 - Le Clos de la Ribaudi\u00e8re\" \/>\n<meta property=\"og:description\" content=\"Le 9 avril \u00e0 la Table du Clos, r\u00e9server votre table et passez un agr\u00e9able moment m\u00e9lodique avec le duo KARMA. Karma, c&#8217;est un subtil m\u00e9lange de voix, de claviers et de guitare sampl\u00e9s. Le duo est n\u00e9 de la rencontre entre Marie (chant) et Quentin (claviers, guitare, samples), pendant leurs \u00e9tudes musicales \u00e0 Tours. [&hellip;]\" \/>\n<meta property=\"og:url\" content=\"https:\/\/www.ribaudiere.com\/en\/2016\/03\/31\/soiree-jazz-piano-et-voix-le-9-avril-2016\/\" \/>\n<meta property=\"og:site_name\" content=\"Le Clos de la Ribaudi\u00e8re\" \/>\n<meta property=\"article:published_time\" content=\"2016-03-31T22:38:03+00:00\" \/>\n<meta property=\"article:modified_time\" content=\"2016-04-10T17:25:29+00:00\" \/>\n<meta property=\"og:image\" content=\"https:\/\/www.ribaudiere.com\/wp-content\/uploads\/2016\/03\/karma-\u00e0-la-une.jpg\" \/>\n\t<meta property=\"og:image:width\" content=\"900\" \/>\n\t<meta property=\"og:image:height\" content=\"599\" \/>\n\t<meta property=\"og:image:type\" content=\"image\/jpeg\" \/>\n<meta name=\"author\" content=\"Clos de la Ribaudi\u00e8re\" \/>\n<meta name=\"twitter:card\" content=\"summary_large_image\" \/>\n<meta name=\"twitter:label1\" content=\"Written by\" \/>\n\t<meta name=\"twitter:data1\" content=\"Clos de la Ribaudi\u00e8re\" \/>\n\t<meta name=\"twitter:label2\" content=\"Est. reading time\" \/>\n\t<meta name=\"twitter:data2\" content=\"1 minute\" \/>\n<script type=\"application\/ld+json\" class=\"yoast-schema-graph\">{\"@context\":\"https:\/\/schema.org\",\"@graph\":[{\"@type\":\"WebPage\",\"@id\":\"https:\/\/www.ribaudiere.com\/en\/2016\/03\/31\/soiree-jazz-piano-et-voix-le-9-avril-2016\/\",\"url\":\"https:\/\/www.ribaudiere.com\/en\/2016\/03\/31\/soiree-jazz-piano-et-voix-le-9-avril-2016\/\",\"name\":\"Soir\u00e9e jazz piano et voix le 9 avril 2016 - Le Clos de la Ribaudi\u00e8re\",\"isPartOf\":{\"@id\":\"https:\/\/www.ribaudiere.com\/#website\"},\"primaryImageOfPage\":{\"@id\":\"https:\/\/www.ribaudiere.com\/en\/2016\/03\/31\/soiree-jazz-piano-et-voix-le-9-avril-2016\/#primaryimage\"},\"image\":{\"@id\":\"https:\/\/www.ribaudiere.com\/en\/2016\/03\/31\/soiree-jazz-piano-et-voix-le-9-avril-2016\/#primaryimage\"},\"thumbnailUrl\":\"https:\/\/www.ribaudiere.com\/wp-content\/uploads\/2016\/03\/karma-\u00e0-la-une.jpg\",\"datePublished\":\"2016-03-31T22:38:03+00:00\",\"dateModified\":\"2016-04-10T17:25:29+00:00\",\"author\":{\"@id\":\"https:\/\/www.ribaudiere.com\/#\/schema\/person\/d7c221d68a82c371c44cdab79b9a0979\"},\"breadcrumb\":{\"@id\":\"https:\/\/www.ribaudiere.com\/en\/2016\/03\/31\/soiree-jazz-piano-et-voix-le-9-avril-2016\/#breadcrumb\"},\"inLanguage\":\"en-US\",\"potentialAction\":[{\"@type\":\"ReadAction\",\"target\":[\"https:\/\/www.ribaudiere.com\/en\/2016\/03\/31\/soiree-jazz-piano-et-voix-le-9-avril-2016\/\"]}]},{\"@type\":\"ImageObject\",\"inLanguage\":\"en-US\",\"@id\":\"https:\/\/www.ribaudiere.com\/en\/2016\/03\/31\/soiree-jazz-piano-et-voix-le-9-avril-2016\/#primaryimage\",\"url\":\"https:\/\/www.ribaudiere.com\/wp-content\/uploads\/2016\/03\/karma-\u00e0-la-une.jpg\",\"contentUrl\":\"https:\/\/www.ribaudiere.com\/wp-content\/uploads\/2016\/03\/karma-\u00e0-la-une.jpg\",\"width\":900,\"height\":599},{\"@type\":\"BreadcrumbList\",\"@id\":\"https:\/\/www.ribaudiere.com\/en\/2016\/03\/31\/soiree-jazz-piano-et-voix-le-9-avril-2016\/#breadcrumb\",\"itemListElement\":[{\"@type\":\"ListItem\",\"position\":1,\"name\":\"Accueil\",\"item\":\"https:\/\/www.ribaudiere.com\/en\/\"},{\"@type\":\"ListItem\",\"position\":2,\"name\":\"Soir\u00e9e jazz piano et voix le 9 avril 2016\"}]},{\"@type\":\"WebSite\",\"@id\":\"https:\/\/www.ribaudiere.com\/#website\",\"url\":\"https:\/\/www.ribaudiere.com\/\",\"name\":\"Le Clos de la Ribaudi\u00e8re\",\"description\":\"Un site utilisant WordPress\",\"potentialAction\":[{\"@type\":\"SearchAction\",\"target\":{\"@type\":\"EntryPoint\",\"urlTemplate\":\"https:\/\/www.ribaudiere.com\/?s={search_term_string}\"},\"query-input\":{\"@type\":\"PropertyValueSpecification\",\"valueRequired\":true,\"valueName\":\"search_term_string\"}}],\"inLanguage\":\"en-US\"},{\"@type\":\"Person\",\"@id\":\"https:\/\/www.ribaudiere.com\/#\/schema\/person\/d7c221d68a82c371c44cdab79b9a0979\",\"name\":\"Clos de la Ribaudi\u00e8re\",\"image\":{\"@type\":\"ImageObject\",\"inLanguage\":\"en-US\",\"@id\":\"https:\/\/www.ribaudiere.com\/#\/schema\/person\/image\/\",\"url\":\"https:\/\/secure.gravatar.com\/avatar\/306367f59d125e07da6bddf4201a8d6e087126290ab1e88ad582f6bdab4da4a1?s=96&d=mm&r=g\",\"contentUrl\":\"https:\/\/secure.gravatar.com\/avatar\/306367f59d125e07da6bddf4201a8d6e087126290ab1e88ad582f6bdab4da4a1?s=96&d=mm&r=g\",\"caption\":\"Clos de la Ribaudi\u00e8re\"},\"url\":\"https:\/\/www.ribaudiere.com\/en\/author\/ribaudiere86\/\"}]}<\/script>\n<!-- \/ Yoast SEO plugin. -->","yoast_head_json":{"title":"Soir\u00e9e jazz piano et voix le 9 avril 2016 - Le Clos de la Ribaudi\u00e8re","robots":{"index":"index","follow":"follow","max-snippet":"max-snippet:-1","max-image-preview":"max-image-preview:large","max-video-preview":"max-video-preview:-1"},"canonical":"https:\/\/www.ribaudiere.com\/en\/2016\/03\/31\/soiree-jazz-piano-et-voix-le-9-avril-2016\/","og_locale":"en_US","og_type":"article","og_title":"Soir\u00e9e jazz piano et voix le 9 avril 2016 - Le Clos de la Ribaudi\u00e8re","og_description":"Le 9 avril \u00e0 la Table du Clos, r\u00e9server votre table et passez un agr\u00e9able moment m\u00e9lodique avec le duo KARMA. Karma, c&#8217;est un subtil m\u00e9lange de voix, de claviers et de guitare sampl\u00e9s. Le duo est n\u00e9 de la rencontre entre Marie (chant) et Quentin (claviers, guitare, samples), pendant leurs \u00e9tudes musicales \u00e0 Tours. [&hellip;]","og_url":"https:\/\/www.ribaudiere.com\/en\/2016\/03\/31\/soiree-jazz-piano-et-voix-le-9-avril-2016\/","og_site_name":"Le Clos de la Ribaudi\u00e8re","article_published_time":"2016-03-31T22:38:03+00:00","article_modified_time":"2016-04-10T17:25:29+00:00","og_image":[{"width":900,"height":599,"url":"https:\/\/www.ribaudiere.com\/wp-content\/uploads\/2016\/03\/karma-\u00e0-la-une.jpg","type":"image\/jpeg"}],"author":"Clos de la Ribaudi\u00e8re","twitter_card":"summary_large_image","twitter_misc":{"Written by":"Clos de la Ribaudi\u00e8re","Est. reading time":"1 minute"},"schema":{"@context":"https:\/\/schema.org","@graph":[{"@type":"WebPage","@id":"https:\/\/www.ribaudiere.com\/en\/2016\/03\/31\/soiree-jazz-piano-et-voix-le-9-avril-2016\/","url":"https:\/\/www.ribaudiere.com\/en\/2016\/03\/31\/soiree-jazz-piano-et-voix-le-9-avril-2016\/","name":"Soir\u00e9e jazz piano et voix le 9 avril 2016 - Le Clos de la Ribaudi\u00e8re","isPartOf":{"@id":"https:\/\/www.ribaudiere.com\/#website"},"primaryImageOfPage":{"@id":"https:\/\/www.ribaudiere.com\/en\/2016\/03\/31\/soiree-jazz-piano-et-voix-le-9-avril-2016\/#primaryimage"},"image":{"@id":"https:\/\/www.ribaudiere.com\/en\/2016\/03\/31\/soiree-jazz-piano-et-voix-le-9-avril-2016\/#primaryimage"},"thumbnailUrl":"https:\/\/www.ribaudiere.com\/wp-content\/uploads\/2016\/03\/karma-\u00e0-la-une.jpg","datePublished":"2016-03-31T22:38:03+00:00","dateModified":"2016-04-10T17:25:29+00:00","author":{"@id":"https:\/\/www.ribaudiere.com\/#\/schema\/person\/d7c221d68a82c371c44cdab79b9a0979"},"breadcrumb":{"@id":"https:\/\/www.ribaudiere.com\/en\/2016\/03\/31\/soiree-jazz-piano-et-voix-le-9-avril-2016\/#breadcrumb"},"inLanguage":"en-US","potentialAction":[{"@type":"ReadAction","target":["https:\/\/www.ribaudiere.com\/en\/2016\/03\/31\/soiree-jazz-piano-et-voix-le-9-avril-2016\/"]}]},{"@type":"ImageObject","inLanguage":"en-US","@id":"https:\/\/www.ribaudiere.com\/en\/2016\/03\/31\/soiree-jazz-piano-et-voix-le-9-avril-2016\/#primaryimage","url":"https:\/\/www.ribaudiere.com\/wp-content\/uploads\/2016\/03\/karma-\u00e0-la-une.jpg","contentUrl":"https:\/\/www.ribaudiere.com\/wp-content\/uploads\/2016\/03\/karma-\u00e0-la-une.jpg","width":900,"height":599},{"@type":"BreadcrumbList","@id":"https:\/\/www.ribaudiere.com\/en\/2016\/03\/31\/soiree-jazz-piano-et-voix-le-9-avril-2016\/#breadcrumb","itemListElement":[{"@type":"ListItem","position":1,"name":"Accueil","item":"https:\/\/www.ribaudiere.com\/en\/"},{"@type":"ListItem","position":2,"name":"Soir\u00e9e jazz piano et voix le 9 avril 2016"}]},{"@type":"WebSite","@id":"https:\/\/www.ribaudiere.com\/#website","url":"https:\/\/www.ribaudiere.com\/","name":"Le Clos de la Ribaudi\u00e8re","description":"Un site utilisant WordPress","potentialAction":[{"@type":"SearchAction","target":{"@type":"EntryPoint","urlTemplate":"https:\/\/www.ribaudiere.com\/?s={search_term_string}"},"query-input":{"@type":"PropertyValueSpecification","valueRequired":true,"valueName":"search_term_string"}}],"inLanguage":"en-US"},{"@type":"Person","@id":"https:\/\/www.ribaudiere.com\/#\/schema\/person\/d7c221d68a82c371c44cdab79b9a0979","name":"Clos de la Ribaudi\u00e8re","image":{"@type":"ImageObject","inLanguage":"en-US","@id":"https:\/\/www.ribaudiere.com\/#\/schema\/person\/image\/","url":"https:\/\/secure.gravatar.com\/avatar\/306367f59d125e07da6bddf4201a8d6e087126290ab1e88ad582f6bdab4da4a1?s=96&d=mm&r=g","contentUrl":"https:\/\/secure.gravatar.com\/avatar\/306367f59d125e07da6bddf4201a8d6e087126290ab1e88ad582f6bdab4da4a1?s=96&d=mm&r=g","caption":"Clos de la Ribaudi\u00e8re"},"url":"https:\/\/www.ribaudiere.com\/en\/author\/ribaudiere86\/"}]}},"_links":{"self":[{"href":"https:\/\/www.ribaudiere.com\/en\/wp-json\/wp\/v2\/posts\/2813","targetHints":{"allow":["GET"]}}],"collection":[{"href":"https:\/\/www.ribaudiere.com\/en\/wp-json\/wp\/v2\/posts"}],"about":[{"href":"https:\/\/www.ribaudiere.com\/en\/wp-json\/wp\/v2\/types\/post"}],"author":[{"embeddable":true,"href":"https:\/\/www.ribaudiere.com\/en\/wp-json\/wp\/v2\/users\/3"}],"replies":[{"embeddable":true,"href":"https:\/\/www.ribaudiere.com\/en\/wp-json\/wp\/v2\/comments?post=2813"}],"version-history":[{"count":2,"href":"https:\/\/www.ribaudiere.com\/en\/wp-json\/wp\/v2\/posts\/2813\/revisions"}],"predecessor-version":[{"id":2942,"href":"https:\/\/www.ribaudiere.com\/en\/wp-json\/wp\/v2\/posts\/2813\/revisions\/2942"}],"wp:featuredmedia":[{"embeddable":true,"href":"https:\/\/www.ribaudiere.com\/en\/wp-json\/wp\/v2\/media\/2678"}],"wp:attachment":[{"href":"https:\/\/www.ribaudiere.com\/en\/wp-json\/wp\/v2\/media?parent=2813"}],"wp:term":[{"taxonomy":"category","embeddable":true,"href":"https:\/\/www.ribaudiere.com\/en\/wp-json\/wp\/v2\/categories?post=2813"},{"taxonomy":"post_tag","embeddable":true,"href":"https:\/\/www.ribaudiere.com\/en\/wp-json\/wp\/v2\/tags?post=2813"}],"curies":[{"name":"wp","href":"https:\/\/api.w.org\/{rel}","templated":true}]}}