{"id":5602,"date":"2017-09-04T12:39:31","date_gmt":"2017-09-04T11:39:31","guid":{"rendered":"http:\/\/www.ribaudiere.com\/?p=5602\/"},"modified":"2017-09-04T12:51:03","modified_gmt":"2017-09-04T11:51:03","slug":"paintings-by-gautam-leclercq","status":"publish","type":"post","link":"https:\/\/www.ribaudiere.com\/en\/2017\/09\/04\/paintings-by-gautam-leclercq\/","title":{"rendered":"Paintings by Les peintres N\u00e9palais and G\u00e9rard Leclercq"},"content":{"rendered":"<p>Lovers of paintings, lucky you are, this month it\u2019s not one but two artists that takes us to discover their works through this paintings exhibition to support the Association \u201cLes \u00e9coliers du N\u00e9pal\u201d.<br \/>\nIn the hall of our hotel and in the restaurant, SURENDRA GAUTAM and GERARD LECLERCQ present their paintings until the 30<sup>th<\/sup> of September.<\/p>\n<p><span id=\"result_box\" class=\"\" lang=\"en\"><span title=\"BIOGRAPHIE DE L\u2019ARTISTE \"><em><strong>BIOGRAPHY OF SURENDRA GAUTAM<br \/>\n<\/strong><\/em><\/span><\/span><\/p>\n<p>Surendra Gautam is there to make us discover the beauty of Nepal through art, to give another image of his country in France other than the mountains, treks, and marijuana of the time of the hippies,<\/p>\n<p>He brings with him the colors and feelings of Nepal.<br \/>\nSubodh is self-taught. He paints the harmony between nature and human feelings. His creations are well inspired by the emotions of earthquake victims, landslides and Buddhist philosophy. He realized the paintings with the water and the land of Lumbini, the Nepalese city, where is not Buddha.<\/p>\n<p>Traditional arts such as the mandalas (Thanka) are performed by the Bhudhist monks.<br \/>\nSurendra Gautam, organizes cultural tours and classical trekkings in Nepal, Bhutan and Tibet. He is there to enhance the arts of his country and invite you to Nepal.<br \/>\nHe is also Vice President of the association LES ECOLIERS DU NEPAL, whose head office is in France. The projects receive financial support from the Nepalese painters and Mr G\u00e9rard LECLERCQ, himself an artist, and without him all these openings would not be possible since he stores the paintings and installs them in the various exhibition places.<\/p>\n<p><a href=\"http:\/\/Discover the website of the association Les \u00e9coliers du N\u00e9pal\"><span title=\"\u00ab Passionn\u00e9 par le dessin depuis mon enfance, mais ne sachant pas dans quel domaine me sp\u00e9cialiser, c\u2019est lors de mon entr\u00e9e au lyc\u00e9e que j\u2019ai alors d\u00e9cid\u00e9 de me diriger vers une formation en communication visuelle.\">The website of the association Les \u00e9coliers du N\u00e9pal<\/span><\/a><span title=\"\u00bb\"><br \/>\n<\/span><\/p>\n<p><span id=\"result_box\" class=\"\" lang=\"en\"><em><strong><span class=\"\">BIOGRAPHY OF GERARD LECLERCQ<br \/>\n<\/span><\/strong><\/em><\/span><\/p>\n<p><span class=\"\">Gerard Leclercq had chance to mix professional life an passion for paintings. <\/span><span class=\"\"><br \/>\n<\/span><\/p>\n<p><span id=\"result_box\" class=\"\" lang=\"en\"><span class=\"\">A technical training for the ceramics trades allowed him some openings on art.<\/span> He is a self-taught painter since the age of twenty.<br \/>\nAt first figurative, his painting is oriented gradually towards a more abstract expression.<br \/>\nThe colors in oil have his preference; <span class=\"\">sometimes in thickness, projected, or else the canvas just rubbed &#8230; With a knife &#8230; With a brush &#8230; With the tube &#8230; Colors, tools, hands, translate the pleasure of a search deep inside oneself.<\/span><\/span><\/p>\n<p><a href=\"https:\/\/quentin-deforges.jimdo.com\/\"><span class=\"\">Discover the website of the painter Gerard Leclercq<\/span><\/a><\/p>\n<p><img loading=\"lazy\" decoding=\"async\" class=\"wp-image-5614 aligncenter\" src=\"http:\/\/www.ribaudiere.com\/wp-content\/uploads\/2017\/09\/AFFICHE-CHASSENEUIL-1.jpg\" alt=\"\" width=\"944\" height=\"1335\" srcset=\"https:\/\/www.ribaudiere.com\/wp-content\/uploads\/2017\/09\/AFFICHE-CHASSENEUIL-1.jpg 1240w, https:\/\/www.ribaudiere.com\/wp-content\/uploads\/2017\/09\/AFFICHE-CHASSENEUIL-1-212x300.jpg 212w, https:\/\/www.ribaudiere.com\/wp-content\/uploads\/2017\/09\/AFFICHE-CHASSENEUIL-1-724x1024.jpg 724w, https:\/\/www.ribaudiere.com\/wp-content\/uploads\/2017\/09\/AFFICHE-CHASSENEUIL-1-600x849.jpg 600w\" sizes=\"auto, (max-width: 944px) 100vw, 944px\" \/><\/p>\n","protected":false},"excerpt":{"rendered":"<p>Lovers of paintings, lucky you are, this month it\u2019s not one but two artists that takes us to discover their works through this paintings exhibition to support the Association \u201cLes \u00e9coliers du N\u00e9pal\u201d. In the hall of our hotel and in the restaurant, SURENDRA GAUTAM and GERARD LECLERCQ present their paintings until the 30th of [&hellip;]<\/p>\n","protected":false},"author":3,"featured_media":5644,"comment_status":"closed","ping_status":"closed","sticky":false,"template":"","format":"standard","meta":{"_acf_changed":false,"footnotes":""},"categories":[27],"tags":[],"class_list":["post-5602","post","type-post","status-publish","format-standard","has-post-thumbnail","hentry","category-the-clos"],"acf":[],"yoast_head":"<!-- This site is optimized with the Yoast SEO plugin v25.7 - https:\/\/yoast.com\/wordpress\/plugins\/seo\/ -->\n<title>Paintings by Les peintres N\u00e9palais and G\u00e9rard Leclercq - Le Clos de la Ribaudi\u00e8re<\/title>\n<meta name=\"robots\" content=\"index, follow, max-snippet:-1, max-image-preview:large, max-video-preview:-1\" \/>\n<link rel=\"canonical\" href=\"https:\/\/www.ribaudiere.com\/en\/2017\/09\/04\/paintings-by-gautam-leclercq\/\" \/>\n<meta property=\"og:locale\" content=\"en_US\" \/>\n<meta property=\"og:type\" content=\"article\" \/>\n<meta property=\"og:title\" content=\"Paintings by Les peintres N\u00e9palais and G\u00e9rard Leclercq - Le Clos de la Ribaudi\u00e8re\" \/>\n<meta property=\"og:description\" content=\"Lovers of paintings, lucky you are, this month it\u2019s not one but two artists that takes us to discover their works through this paintings exhibition to support the Association \u201cLes \u00e9coliers du N\u00e9pal\u201d. In the hall of our hotel and in the restaurant, SURENDRA GAUTAM and GERARD LECLERCQ present their paintings until the 30th of [&hellip;]\" \/>\n<meta property=\"og:url\" content=\"https:\/\/www.ribaudiere.com\/en\/2017\/09\/04\/paintings-by-gautam-leclercq\/\" \/>\n<meta property=\"og:site_name\" content=\"Le Clos de la Ribaudi\u00e8re\" \/>\n<meta property=\"article:published_time\" content=\"2017-09-04T11:39:31+00:00\" \/>\n<meta property=\"article:modified_time\" content=\"2017-09-04T11:51:03+00:00\" \/>\n<meta property=\"og:image\" content=\"https:\/\/www.ribaudiere.com\/wp-content\/uploads\/2017\/06\/Sans-titre-4.jpg\" \/>\n\t<meta property=\"og:image:width\" content=\"720\" \/>\n\t<meta property=\"og:image:height\" content=\"645\" \/>\n\t<meta property=\"og:image:type\" content=\"image\/jpeg\" \/>\n<meta name=\"author\" content=\"Clos de la Ribaudi\u00e8re\" \/>\n<meta name=\"twitter:card\" content=\"summary_large_image\" \/>\n<meta name=\"twitter:label1\" content=\"Written by\" \/>\n\t<meta name=\"twitter:data1\" content=\"Clos de la Ribaudi\u00e8re\" \/>\n\t<meta name=\"twitter:label2\" content=\"Est. reading time\" \/>\n\t<meta name=\"twitter:data2\" content=\"2 minutes\" \/>\n<script type=\"application\/ld+json\" class=\"yoast-schema-graph\">{\"@context\":\"https:\/\/schema.org\",\"@graph\":[{\"@type\":\"WebPage\",\"@id\":\"https:\/\/www.ribaudiere.com\/en\/2017\/09\/04\/paintings-by-gautam-leclercq\/\",\"url\":\"https:\/\/www.ribaudiere.com\/en\/2017\/09\/04\/paintings-by-gautam-leclercq\/\",\"name\":\"Paintings by Les peintres N\u00e9palais and G\u00e9rard Leclercq - Le Clos de la Ribaudi\u00e8re\",\"isPartOf\":{\"@id\":\"https:\/\/www.ribaudiere.com\/#website\"},\"primaryImageOfPage\":{\"@id\":\"https:\/\/www.ribaudiere.com\/en\/2017\/09\/04\/paintings-by-gautam-leclercq\/#primaryimage\"},\"image\":{\"@id\":\"https:\/\/www.ribaudiere.com\/en\/2017\/09\/04\/paintings-by-gautam-leclercq\/#primaryimage\"},\"thumbnailUrl\":\"https:\/\/www.ribaudiere.com\/wp-content\/uploads\/2017\/06\/Sans-titre-4.jpg\",\"datePublished\":\"2017-09-04T11:39:31+00:00\",\"dateModified\":\"2017-09-04T11:51:03+00:00\",\"author\":{\"@id\":\"https:\/\/www.ribaudiere.com\/#\/schema\/person\/d7c221d68a82c371c44cdab79b9a0979\"},\"breadcrumb\":{\"@id\":\"https:\/\/www.ribaudiere.com\/en\/2017\/09\/04\/paintings-by-gautam-leclercq\/#breadcrumb\"},\"inLanguage\":\"en-US\",\"potentialAction\":[{\"@type\":\"ReadAction\",\"target\":[\"https:\/\/www.ribaudiere.com\/en\/2017\/09\/04\/paintings-by-gautam-leclercq\/\"]}]},{\"@type\":\"ImageObject\",\"inLanguage\":\"en-US\",\"@id\":\"https:\/\/www.ribaudiere.com\/en\/2017\/09\/04\/paintings-by-gautam-leclercq\/#primaryimage\",\"url\":\"https:\/\/www.ribaudiere.com\/wp-content\/uploads\/2017\/06\/Sans-titre-4.jpg\",\"contentUrl\":\"https:\/\/www.ribaudiere.com\/wp-content\/uploads\/2017\/06\/Sans-titre-4.jpg\",\"width\":720,\"height\":645},{\"@type\":\"BreadcrumbList\",\"@id\":\"https:\/\/www.ribaudiere.com\/en\/2017\/09\/04\/paintings-by-gautam-leclercq\/#breadcrumb\",\"itemListElement\":[{\"@type\":\"ListItem\",\"position\":1,\"name\":\"Accueil\",\"item\":\"https:\/\/www.ribaudiere.com\/en\/\"},{\"@type\":\"ListItem\",\"position\":2,\"name\":\"Paintings by Les peintres N\u00e9palais and G\u00e9rard Leclercq\"}]},{\"@type\":\"WebSite\",\"@id\":\"https:\/\/www.ribaudiere.com\/#website\",\"url\":\"https:\/\/www.ribaudiere.com\/\",\"name\":\"Le Clos de la Ribaudi\u00e8re\",\"description\":\"Un site utilisant WordPress\",\"potentialAction\":[{\"@type\":\"SearchAction\",\"target\":{\"@type\":\"EntryPoint\",\"urlTemplate\":\"https:\/\/www.ribaudiere.com\/?s={search_term_string}\"},\"query-input\":{\"@type\":\"PropertyValueSpecification\",\"valueRequired\":true,\"valueName\":\"search_term_string\"}}],\"inLanguage\":\"en-US\"},{\"@type\":\"Person\",\"@id\":\"https:\/\/www.ribaudiere.com\/#\/schema\/person\/d7c221d68a82c371c44cdab79b9a0979\",\"name\":\"Clos de la Ribaudi\u00e8re\",\"image\":{\"@type\":\"ImageObject\",\"inLanguage\":\"en-US\",\"@id\":\"https:\/\/www.ribaudiere.com\/#\/schema\/person\/image\/\",\"url\":\"https:\/\/secure.gravatar.com\/avatar\/306367f59d125e07da6bddf4201a8d6e087126290ab1e88ad582f6bdab4da4a1?s=96&d=mm&r=g\",\"contentUrl\":\"https:\/\/secure.gravatar.com\/avatar\/306367f59d125e07da6bddf4201a8d6e087126290ab1e88ad582f6bdab4da4a1?s=96&d=mm&r=g\",\"caption\":\"Clos de la Ribaudi\u00e8re\"},\"url\":\"https:\/\/www.ribaudiere.com\/en\/author\/ribaudiere86\/\"}]}<\/script>\n<!-- \/ Yoast SEO plugin. -->","yoast_head_json":{"title":"Paintings by Les peintres N\u00e9palais and G\u00e9rard Leclercq - Le Clos de la Ribaudi\u00e8re","robots":{"index":"index","follow":"follow","max-snippet":"max-snippet:-1","max-image-preview":"max-image-preview:large","max-video-preview":"max-video-preview:-1"},"canonical":"https:\/\/www.ribaudiere.com\/en\/2017\/09\/04\/paintings-by-gautam-leclercq\/","og_locale":"en_US","og_type":"article","og_title":"Paintings by Les peintres N\u00e9palais and G\u00e9rard Leclercq - Le Clos de la Ribaudi\u00e8re","og_description":"Lovers of paintings, lucky you are, this month it\u2019s not one but two artists that takes us to discover their works through this paintings exhibition to support the Association \u201cLes \u00e9coliers du N\u00e9pal\u201d. In the hall of our hotel and in the restaurant, SURENDRA GAUTAM and GERARD LECLERCQ present their paintings until the 30th of [&hellip;]","og_url":"https:\/\/www.ribaudiere.com\/en\/2017\/09\/04\/paintings-by-gautam-leclercq\/","og_site_name":"Le Clos de la Ribaudi\u00e8re","article_published_time":"2017-09-04T11:39:31+00:00","article_modified_time":"2017-09-04T11:51:03+00:00","og_image":[{"width":720,"height":645,"url":"https:\/\/www.ribaudiere.com\/wp-content\/uploads\/2017\/06\/Sans-titre-4.jpg","type":"image\/jpeg"}],"author":"Clos de la Ribaudi\u00e8re","twitter_card":"summary_large_image","twitter_misc":{"Written by":"Clos de la Ribaudi\u00e8re","Est. reading time":"2 minutes"},"schema":{"@context":"https:\/\/schema.org","@graph":[{"@type":"WebPage","@id":"https:\/\/www.ribaudiere.com\/en\/2017\/09\/04\/paintings-by-gautam-leclercq\/","url":"https:\/\/www.ribaudiere.com\/en\/2017\/09\/04\/paintings-by-gautam-leclercq\/","name":"Paintings by Les peintres N\u00e9palais and G\u00e9rard Leclercq - Le Clos de la Ribaudi\u00e8re","isPartOf":{"@id":"https:\/\/www.ribaudiere.com\/#website"},"primaryImageOfPage":{"@id":"https:\/\/www.ribaudiere.com\/en\/2017\/09\/04\/paintings-by-gautam-leclercq\/#primaryimage"},"image":{"@id":"https:\/\/www.ribaudiere.com\/en\/2017\/09\/04\/paintings-by-gautam-leclercq\/#primaryimage"},"thumbnailUrl":"https:\/\/www.ribaudiere.com\/wp-content\/uploads\/2017\/06\/Sans-titre-4.jpg","datePublished":"2017-09-04T11:39:31+00:00","dateModified":"2017-09-04T11:51:03+00:00","author":{"@id":"https:\/\/www.ribaudiere.com\/#\/schema\/person\/d7c221d68a82c371c44cdab79b9a0979"},"breadcrumb":{"@id":"https:\/\/www.ribaudiere.com\/en\/2017\/09\/04\/paintings-by-gautam-leclercq\/#breadcrumb"},"inLanguage":"en-US","potentialAction":[{"@type":"ReadAction","target":["https:\/\/www.ribaudiere.com\/en\/2017\/09\/04\/paintings-by-gautam-leclercq\/"]}]},{"@type":"ImageObject","inLanguage":"en-US","@id":"https:\/\/www.ribaudiere.com\/en\/2017\/09\/04\/paintings-by-gautam-leclercq\/#primaryimage","url":"https:\/\/www.ribaudiere.com\/wp-content\/uploads\/2017\/06\/Sans-titre-4.jpg","contentUrl":"https:\/\/www.ribaudiere.com\/wp-content\/uploads\/2017\/06\/Sans-titre-4.jpg","width":720,"height":645},{"@type":"BreadcrumbList","@id":"https:\/\/www.ribaudiere.com\/en\/2017\/09\/04\/paintings-by-gautam-leclercq\/#breadcrumb","itemListElement":[{"@type":"ListItem","position":1,"name":"Accueil","item":"https:\/\/www.ribaudiere.com\/en\/"},{"@type":"ListItem","position":2,"name":"Paintings by Les peintres N\u00e9palais and G\u00e9rard Leclercq"}]},{"@type":"WebSite","@id":"https:\/\/www.ribaudiere.com\/#website","url":"https:\/\/www.ribaudiere.com\/","name":"Le Clos de la Ribaudi\u00e8re","description":"Un site utilisant WordPress","potentialAction":[{"@type":"SearchAction","target":{"@type":"EntryPoint","urlTemplate":"https:\/\/www.ribaudiere.com\/?s={search_term_string}"},"query-input":{"@type":"PropertyValueSpecification","valueRequired":true,"valueName":"search_term_string"}}],"inLanguage":"en-US"},{"@type":"Person","@id":"https:\/\/www.ribaudiere.com\/#\/schema\/person\/d7c221d68a82c371c44cdab79b9a0979","name":"Clos de la Ribaudi\u00e8re","image":{"@type":"ImageObject","inLanguage":"en-US","@id":"https:\/\/www.ribaudiere.com\/#\/schema\/person\/image\/","url":"https:\/\/secure.gravatar.com\/avatar\/306367f59d125e07da6bddf4201a8d6e087126290ab1e88ad582f6bdab4da4a1?s=96&d=mm&r=g","contentUrl":"https:\/\/secure.gravatar.com\/avatar\/306367f59d125e07da6bddf4201a8d6e087126290ab1e88ad582f6bdab4da4a1?s=96&d=mm&r=g","caption":"Clos de la Ribaudi\u00e8re"},"url":"https:\/\/www.ribaudiere.com\/en\/author\/ribaudiere86\/"}]}},"_links":{"self":[{"href":"https:\/\/www.ribaudiere.com\/en\/wp-json\/wp\/v2\/posts\/5602","targetHints":{"allow":["GET"]}}],"collection":[{"href":"https:\/\/www.ribaudiere.com\/en\/wp-json\/wp\/v2\/posts"}],"about":[{"href":"https:\/\/www.ribaudiere.com\/en\/wp-json\/wp\/v2\/types\/post"}],"author":[{"embeddable":true,"href":"https:\/\/www.ribaudiere.com\/en\/wp-json\/wp\/v2\/users\/3"}],"replies":[{"embeddable":true,"href":"https:\/\/www.ribaudiere.com\/en\/wp-json\/wp\/v2\/comments?post=5602"}],"version-history":[{"count":6,"href":"https:\/\/www.ribaudiere.com\/en\/wp-json\/wp\/v2\/posts\/5602\/revisions"}],"predecessor-version":[{"id":5642,"href":"https:\/\/www.ribaudiere.com\/en\/wp-json\/wp\/v2\/posts\/5602\/revisions\/5642"}],"wp:featuredmedia":[{"embeddable":true,"href":"https:\/\/www.ribaudiere.com\/en\/wp-json\/wp\/v2\/media\/5644"}],"wp:attachment":[{"href":"https:\/\/www.ribaudiere.com\/en\/wp-json\/wp\/v2\/media?parent=5602"}],"wp:term":[{"taxonomy":"category","embeddable":true,"href":"https:\/\/www.ribaudiere.com\/en\/wp-json\/wp\/v2\/categories?post=5602"},{"taxonomy":"post_tag","embeddable":true,"href":"https:\/\/www.ribaudiere.com\/en\/wp-json\/wp\/v2\/tags?post=5602"}],"curies":[{"name":"wp","href":"https:\/\/api.w.org\/{rel}","templated":true}]}}