{"id":2818,"date":"2016-04-21T13:33:33","date_gmt":"2016-04-21T12:33:33","guid":{"rendered":"http:\/\/www.ribaudiere.com\/es\/2016\/03\/02\/soiree-debat-pierres-brutes-pierres-sculptees-animee-dany-io\/"},"modified":"2016-04-27T08:57:15","modified_gmt":"2016-04-27T07:57:15","slug":"soiree-debat-pierres-brutes-pierres-sculptees-animee-dany-io","status":"publish","type":"post","link":"https:\/\/www.ribaudiere.com\/es\/2016\/04\/21\/soiree-debat-pierres-brutes-pierres-sculptees-animee-dany-io\/","title":{"rendered":"Mardi 10 mai : Soir\u00e9e d\u00e9bat, anim\u00e9e par la sculpteur Dany-Io"},"content":{"rendered":"<p><span style=\"text-decoration: underline;\">Soir\u00e9e-d\u00e9bat \u00abPierres brutes &amp; pierres sculpt\u00e9es\u00bb et rencontre de l&#8217;artiste<\/span>, autour d&#8217;un caf\u00e9 accompagn\u00e9 de mignardises.<\/p>\n<p>\u00ab<strong>ART en partage : Pierres brutes &amp; Pierre sculpt\u00e9es<\/strong>\u00ab, anim\u00e9e par <strong>Dany Io<\/strong> le <strong>mardi 10 mai \u00e0 18h<\/strong> au Ch\u00e2teau du Clos de la Ribaudi\u00e8re.<\/p>\n<p>Venez nombreux d\u00e9couvrir les \u0153uvres de la sculpteur Dany Io, en exposition libre dans le hall de r\u00e9ception. <a href=\"http:\/\/www.ribaudiere.com\/wp-content\/uploads\/2016\/04\/Invitation-Dany-IO-10-mai.pdf\" target=\"_blank\">Cliquez ici pour ouvrir l&#8217;invitation<\/a><\/p>\n<p>&nbsp;<\/p>\n<p><img loading=\"lazy\" decoding=\"async\" class=\"alignleft size-full wp-image-2305\" src=\"http:\/\/www.ribaudiere.com\/wp-content\/uploads\/2016\/02\/sculpteur-Dany-1.jpg\" alt=\"Sculptrice DANY-IO\" width=\"403\" height=\"408\" \/>\u00a0<img loading=\"lazy\" decoding=\"async\" class=\"alignleft size-full wp-image-2308\" src=\"http:\/\/www.ribaudiere.com\/wp-content\/uploads\/2016\/02\/sculpteur-Dany-2.jpg\" alt=\"sculpteur Dany 2\" width=\"403\" height=\"399\" \/><img loading=\"lazy\" decoding=\"async\" class=\"alignleft size-full wp-image-2314\" src=\"http:\/\/www.ribaudiere.com\/wp-content\/uploads\/2016\/02\/sculpteur-Dany-4.jpg\" alt=\"sculpteur Dany 4\" width=\"395\" height=\"404\" \/><\/p>\n<p>&nbsp;<\/p>\n<p>&nbsp;<\/p>\n<p>&nbsp;<\/p>\n<p>&nbsp;<\/p>\n<p>&nbsp;<\/p>\n<p>&nbsp;<\/p>\n<p>&nbsp;<\/p>\n<p>&nbsp;<\/p>\n<p>&nbsp;<\/p>\n<p>&nbsp;<\/p>\n","protected":false},"excerpt":{"rendered":"<p>Soir\u00e9e-d\u00e9bat \u00abPierres brutes &amp; pierres sculpt\u00e9es\u00bb et rencontre de l&#8217;artiste, autour d&#8217;un caf\u00e9 accompagn\u00e9 de mignardises. \u00abART en partage : Pierres brutes &amp; Pierre sculpt\u00e9es\u00ab, anim\u00e9e par Dany Io le mardi 10 mai \u00e0 18h au Ch\u00e2teau du Clos de la Ribaudi\u00e8re. Venez nombreux d\u00e9couvrir les \u0153uvres de la sculpteur Dany Io, en exposition libre [&hellip;]<\/p>\n","protected":false},"author":3,"featured_media":2313,"comment_status":"closed","ping_status":"closed","sticky":false,"template":"","format":"standard","meta":{"_acf_changed":false,"footnotes":""},"categories":[33],"tags":[],"class_list":["post-2818","post","type-post","status-publish","format-standard","has-post-thumbnail","hentry","category-expositions-es"],"acf":[],"yoast_head":"<!-- This site is optimized with the Yoast SEO plugin v25.7 - https:\/\/yoast.com\/wordpress\/plugins\/seo\/ -->\n<title>Mardi 10 mai : Soir\u00e9e d\u00e9bat, anim\u00e9e par la sculpteur Dany-Io - Le Clos de la Ribaudi\u00e8re<\/title>\n<meta name=\"robots\" content=\"index, follow, max-snippet:-1, max-image-preview:large, max-video-preview:-1\" \/>\n<link rel=\"canonical\" href=\"https:\/\/www.ribaudiere.com\/es\/2016\/04\/21\/soiree-debat-pierres-brutes-pierres-sculptees-animee-dany-io\/\" \/>\n<meta property=\"og:locale\" content=\"es_ES\" \/>\n<meta property=\"og:type\" content=\"article\" \/>\n<meta property=\"og:title\" content=\"Mardi 10 mai : Soir\u00e9e d\u00e9bat, anim\u00e9e par la sculpteur Dany-Io - Le Clos de la Ribaudi\u00e8re\" \/>\n<meta property=\"og:description\" content=\"Soir\u00e9e-d\u00e9bat \u00abPierres brutes &amp; pierres sculpt\u00e9es\u00bb et rencontre de l&#8217;artiste, autour d&#8217;un caf\u00e9 accompagn\u00e9 de mignardises. \u00abART en partage : Pierres brutes &amp; Pierre sculpt\u00e9es\u00ab, anim\u00e9e par Dany Io le mardi 10 mai \u00e0 18h au Ch\u00e2teau du Clos de la Ribaudi\u00e8re. Venez nombreux d\u00e9couvrir les \u0153uvres de la sculpteur Dany Io, en exposition libre [&hellip;]\" \/>\n<meta property=\"og:url\" content=\"https:\/\/www.ribaudiere.com\/es\/2016\/04\/21\/soiree-debat-pierres-brutes-pierres-sculptees-animee-dany-io\/\" \/>\n<meta property=\"og:site_name\" content=\"Le Clos de la Ribaudi\u00e8re\" \/>\n<meta property=\"article:published_time\" content=\"2016-04-21T12:33:33+00:00\" \/>\n<meta property=\"article:modified_time\" content=\"2016-04-27T07:57:15+00:00\" \/>\n<meta property=\"og:image\" content=\"https:\/\/www.ribaudiere.com\/wp-content\/uploads\/2016\/02\/sculpteur-Dany-3.jpg\" \/>\n\t<meta property=\"og:image:width\" content=\"389\" \/>\n\t<meta property=\"og:image:height\" content=\"400\" \/>\n\t<meta property=\"og:image:type\" content=\"image\/jpeg\" \/>\n<meta name=\"author\" content=\"Clos de la Ribaudi\u00e8re\" \/>\n<meta name=\"twitter:card\" content=\"summary_large_image\" \/>\n<meta name=\"twitter:label1\" content=\"Escrito por\" \/>\n\t<meta name=\"twitter:data1\" content=\"Clos de la Ribaudi\u00e8re\" \/>\n<script type=\"application\/ld+json\" class=\"yoast-schema-graph\">{\"@context\":\"https:\/\/schema.org\",\"@graph\":[{\"@type\":\"WebPage\",\"@id\":\"https:\/\/www.ribaudiere.com\/es\/2016\/04\/21\/soiree-debat-pierres-brutes-pierres-sculptees-animee-dany-io\/\",\"url\":\"https:\/\/www.ribaudiere.com\/es\/2016\/04\/21\/soiree-debat-pierres-brutes-pierres-sculptees-animee-dany-io\/\",\"name\":\"Mardi 10 mai : Soir\u00e9e d\u00e9bat, anim\u00e9e par la sculpteur Dany-Io - Le Clos de la Ribaudi\u00e8re\",\"isPartOf\":{\"@id\":\"https:\/\/www.ribaudiere.com\/#website\"},\"primaryImageOfPage\":{\"@id\":\"https:\/\/www.ribaudiere.com\/es\/2016\/04\/21\/soiree-debat-pierres-brutes-pierres-sculptees-animee-dany-io\/#primaryimage\"},\"image\":{\"@id\":\"https:\/\/www.ribaudiere.com\/es\/2016\/04\/21\/soiree-debat-pierres-brutes-pierres-sculptees-animee-dany-io\/#primaryimage\"},\"thumbnailUrl\":\"https:\/\/www.ribaudiere.com\/wp-content\/uploads\/2016\/02\/sculpteur-Dany-3.jpg\",\"datePublished\":\"2016-04-21T12:33:33+00:00\",\"dateModified\":\"2016-04-27T07:57:15+00:00\",\"author\":{\"@id\":\"https:\/\/www.ribaudiere.com\/#\/schema\/person\/d7c221d68a82c371c44cdab79b9a0979\"},\"breadcrumb\":{\"@id\":\"https:\/\/www.ribaudiere.com\/es\/2016\/04\/21\/soiree-debat-pierres-brutes-pierres-sculptees-animee-dany-io\/#breadcrumb\"},\"inLanguage\":\"es\",\"potentialAction\":[{\"@type\":\"ReadAction\",\"target\":[\"https:\/\/www.ribaudiere.com\/es\/2016\/04\/21\/soiree-debat-pierres-brutes-pierres-sculptees-animee-dany-io\/\"]}]},{\"@type\":\"ImageObject\",\"inLanguage\":\"es\",\"@id\":\"https:\/\/www.ribaudiere.com\/es\/2016\/04\/21\/soiree-debat-pierres-brutes-pierres-sculptees-animee-dany-io\/#primaryimage\",\"url\":\"https:\/\/www.ribaudiere.com\/wp-content\/uploads\/2016\/02\/sculpteur-Dany-3.jpg\",\"contentUrl\":\"https:\/\/www.ribaudiere.com\/wp-content\/uploads\/2016\/02\/sculpteur-Dany-3.jpg\",\"width\":389,\"height\":400},{\"@type\":\"BreadcrumbList\",\"@id\":\"https:\/\/www.ribaudiere.com\/es\/2016\/04\/21\/soiree-debat-pierres-brutes-pierres-sculptees-animee-dany-io\/#breadcrumb\",\"itemListElement\":[{\"@type\":\"ListItem\",\"position\":1,\"name\":\"Accueil\",\"item\":\"https:\/\/www.ribaudiere.com\/es\/\"},{\"@type\":\"ListItem\",\"position\":2,\"name\":\"Mardi 10 mai : Soir\u00e9e d\u00e9bat, anim\u00e9e par la sculpteur Dany-Io\"}]},{\"@type\":\"WebSite\",\"@id\":\"https:\/\/www.ribaudiere.com\/#website\",\"url\":\"https:\/\/www.ribaudiere.com\/\",\"name\":\"Le Clos de la Ribaudi\u00e8re\",\"description\":\"Un site utilisant WordPress\",\"potentialAction\":[{\"@type\":\"SearchAction\",\"target\":{\"@type\":\"EntryPoint\",\"urlTemplate\":\"https:\/\/www.ribaudiere.com\/?s={search_term_string}\"},\"query-input\":{\"@type\":\"PropertyValueSpecification\",\"valueRequired\":true,\"valueName\":\"search_term_string\"}}],\"inLanguage\":\"es\"},{\"@type\":\"Person\",\"@id\":\"https:\/\/www.ribaudiere.com\/#\/schema\/person\/d7c221d68a82c371c44cdab79b9a0979\",\"name\":\"Clos de la Ribaudi\u00e8re\",\"image\":{\"@type\":\"ImageObject\",\"inLanguage\":\"es\",\"@id\":\"https:\/\/www.ribaudiere.com\/#\/schema\/person\/image\/\",\"url\":\"https:\/\/secure.gravatar.com\/avatar\/306367f59d125e07da6bddf4201a8d6e087126290ab1e88ad582f6bdab4da4a1?s=96&d=mm&r=g\",\"contentUrl\":\"https:\/\/secure.gravatar.com\/avatar\/306367f59d125e07da6bddf4201a8d6e087126290ab1e88ad582f6bdab4da4a1?s=96&d=mm&r=g\",\"caption\":\"Clos de la Ribaudi\u00e8re\"},\"url\":\"https:\/\/www.ribaudiere.com\/es\/author\/ribaudiere86\/\"}]}<\/script>\n<!-- \/ Yoast SEO plugin. -->","yoast_head_json":{"title":"Mardi 10 mai : Soir\u00e9e d\u00e9bat, anim\u00e9e par la sculpteur Dany-Io - Le Clos de la Ribaudi\u00e8re","robots":{"index":"index","follow":"follow","max-snippet":"max-snippet:-1","max-image-preview":"max-image-preview:large","max-video-preview":"max-video-preview:-1"},"canonical":"https:\/\/www.ribaudiere.com\/es\/2016\/04\/21\/soiree-debat-pierres-brutes-pierres-sculptees-animee-dany-io\/","og_locale":"es_ES","og_type":"article","og_title":"Mardi 10 mai : Soir\u00e9e d\u00e9bat, anim\u00e9e par la sculpteur Dany-Io - Le Clos de la Ribaudi\u00e8re","og_description":"Soir\u00e9e-d\u00e9bat \u00abPierres brutes &amp; pierres sculpt\u00e9es\u00bb et rencontre de l&#8217;artiste, autour d&#8217;un caf\u00e9 accompagn\u00e9 de mignardises. \u00abART en partage : Pierres brutes &amp; Pierre sculpt\u00e9es\u00ab, anim\u00e9e par Dany Io le mardi 10 mai \u00e0 18h au Ch\u00e2teau du Clos de la Ribaudi\u00e8re. Venez nombreux d\u00e9couvrir les \u0153uvres de la sculpteur Dany Io, en exposition libre [&hellip;]","og_url":"https:\/\/www.ribaudiere.com\/es\/2016\/04\/21\/soiree-debat-pierres-brutes-pierres-sculptees-animee-dany-io\/","og_site_name":"Le Clos de la Ribaudi\u00e8re","article_published_time":"2016-04-21T12:33:33+00:00","article_modified_time":"2016-04-27T07:57:15+00:00","og_image":[{"width":389,"height":400,"url":"https:\/\/www.ribaudiere.com\/wp-content\/uploads\/2016\/02\/sculpteur-Dany-3.jpg","type":"image\/jpeg"}],"author":"Clos de la Ribaudi\u00e8re","twitter_card":"summary_large_image","twitter_misc":{"Escrito por":"Clos de la Ribaudi\u00e8re"},"schema":{"@context":"https:\/\/schema.org","@graph":[{"@type":"WebPage","@id":"https:\/\/www.ribaudiere.com\/es\/2016\/04\/21\/soiree-debat-pierres-brutes-pierres-sculptees-animee-dany-io\/","url":"https:\/\/www.ribaudiere.com\/es\/2016\/04\/21\/soiree-debat-pierres-brutes-pierres-sculptees-animee-dany-io\/","name":"Mardi 10 mai : Soir\u00e9e d\u00e9bat, anim\u00e9e par la sculpteur Dany-Io - Le Clos de la Ribaudi\u00e8re","isPartOf":{"@id":"https:\/\/www.ribaudiere.com\/#website"},"primaryImageOfPage":{"@id":"https:\/\/www.ribaudiere.com\/es\/2016\/04\/21\/soiree-debat-pierres-brutes-pierres-sculptees-animee-dany-io\/#primaryimage"},"image":{"@id":"https:\/\/www.ribaudiere.com\/es\/2016\/04\/21\/soiree-debat-pierres-brutes-pierres-sculptees-animee-dany-io\/#primaryimage"},"thumbnailUrl":"https:\/\/www.ribaudiere.com\/wp-content\/uploads\/2016\/02\/sculpteur-Dany-3.jpg","datePublished":"2016-04-21T12:33:33+00:00","dateModified":"2016-04-27T07:57:15+00:00","author":{"@id":"https:\/\/www.ribaudiere.com\/#\/schema\/person\/d7c221d68a82c371c44cdab79b9a0979"},"breadcrumb":{"@id":"https:\/\/www.ribaudiere.com\/es\/2016\/04\/21\/soiree-debat-pierres-brutes-pierres-sculptees-animee-dany-io\/#breadcrumb"},"inLanguage":"es","potentialAction":[{"@type":"ReadAction","target":["https:\/\/www.ribaudiere.com\/es\/2016\/04\/21\/soiree-debat-pierres-brutes-pierres-sculptees-animee-dany-io\/"]}]},{"@type":"ImageObject","inLanguage":"es","@id":"https:\/\/www.ribaudiere.com\/es\/2016\/04\/21\/soiree-debat-pierres-brutes-pierres-sculptees-animee-dany-io\/#primaryimage","url":"https:\/\/www.ribaudiere.com\/wp-content\/uploads\/2016\/02\/sculpteur-Dany-3.jpg","contentUrl":"https:\/\/www.ribaudiere.com\/wp-content\/uploads\/2016\/02\/sculpteur-Dany-3.jpg","width":389,"height":400},{"@type":"BreadcrumbList","@id":"https:\/\/www.ribaudiere.com\/es\/2016\/04\/21\/soiree-debat-pierres-brutes-pierres-sculptees-animee-dany-io\/#breadcrumb","itemListElement":[{"@type":"ListItem","position":1,"name":"Accueil","item":"https:\/\/www.ribaudiere.com\/es\/"},{"@type":"ListItem","position":2,"name":"Mardi 10 mai : Soir\u00e9e d\u00e9bat, anim\u00e9e par la sculpteur Dany-Io"}]},{"@type":"WebSite","@id":"https:\/\/www.ribaudiere.com\/#website","url":"https:\/\/www.ribaudiere.com\/","name":"Le Clos de la Ribaudi\u00e8re","description":"Un site utilisant WordPress","potentialAction":[{"@type":"SearchAction","target":{"@type":"EntryPoint","urlTemplate":"https:\/\/www.ribaudiere.com\/?s={search_term_string}"},"query-input":{"@type":"PropertyValueSpecification","valueRequired":true,"valueName":"search_term_string"}}],"inLanguage":"es"},{"@type":"Person","@id":"https:\/\/www.ribaudiere.com\/#\/schema\/person\/d7c221d68a82c371c44cdab79b9a0979","name":"Clos de la Ribaudi\u00e8re","image":{"@type":"ImageObject","inLanguage":"es","@id":"https:\/\/www.ribaudiere.com\/#\/schema\/person\/image\/","url":"https:\/\/secure.gravatar.com\/avatar\/306367f59d125e07da6bddf4201a8d6e087126290ab1e88ad582f6bdab4da4a1?s=96&d=mm&r=g","contentUrl":"https:\/\/secure.gravatar.com\/avatar\/306367f59d125e07da6bddf4201a8d6e087126290ab1e88ad582f6bdab4da4a1?s=96&d=mm&r=g","caption":"Clos de la Ribaudi\u00e8re"},"url":"https:\/\/www.ribaudiere.com\/es\/author\/ribaudiere86\/"}]}},"_links":{"self":[{"href":"https:\/\/www.ribaudiere.com\/es\/wp-json\/wp\/v2\/posts\/2818","targetHints":{"allow":["GET"]}}],"collection":[{"href":"https:\/\/www.ribaudiere.com\/es\/wp-json\/wp\/v2\/posts"}],"about":[{"href":"https:\/\/www.ribaudiere.com\/es\/wp-json\/wp\/v2\/types\/post"}],"author":[{"embeddable":true,"href":"https:\/\/www.ribaudiere.com\/es\/wp-json\/wp\/v2\/users\/3"}],"replies":[{"embeddable":true,"href":"https:\/\/www.ribaudiere.com\/es\/wp-json\/wp\/v2\/comments?post=2818"}],"version-history":[{"count":4,"href":"https:\/\/www.ribaudiere.com\/es\/wp-json\/wp\/v2\/posts\/2818\/revisions"}],"predecessor-version":[{"id":3257,"href":"https:\/\/www.ribaudiere.com\/es\/wp-json\/wp\/v2\/posts\/2818\/revisions\/3257"}],"wp:featuredmedia":[{"embeddable":true,"href":"https:\/\/www.ribaudiere.com\/es\/wp-json\/wp\/v2\/media\/2313"}],"wp:attachment":[{"href":"https:\/\/www.ribaudiere.com\/es\/wp-json\/wp\/v2\/media?parent=2818"}],"wp:term":[{"taxonomy":"category","embeddable":true,"href":"https:\/\/www.ribaudiere.com\/es\/wp-json\/wp\/v2\/categories?post=2818"},{"taxonomy":"post_tag","embeddable":true,"href":"https:\/\/www.ribaudiere.com\/es\/wp-json\/wp\/v2\/tags?post=2818"}],"curies":[{"name":"wp","href":"https:\/\/api.w.org\/{rel}","templated":true}]}}