{"id":7430,"date":"2018-03-30T18:00:24","date_gmt":"2018-03-30T17:00:24","guid":{"rendered":"http:\/\/www.ribaudiere.com\/?p=7430\/"},"modified":"2018-03-24T13:12:45","modified_gmt":"2018-03-24T12:12:45","slug":"exposicion-de-pinturas-con-el-artista-sebastien-piquet","status":"publish","type":"post","link":"https:\/\/www.ribaudiere.com\/es\/2018\/03\/30\/exposicion-de-pinturas-con-el-artista-sebastien-piquet\/","title":{"rendered":"Exposici\u00f3n de pinturas con el artista S\u00e9bastien Piquet"},"content":{"rendered":"<p><strong>Exposici\u00f3n de pinturas por S\u00e9bastien Piquet<br \/>\n<\/strong><\/p>\n<p>Desde el 31 de Marzo hasta el 27 de Abril 2018, en la sala principal y en el restaurante del Chateau de Clos de la Ribaudi\u00e8re, viene descubrir una exposici\u00f3n de pinturas del artista S\u00e9bastien Piquet.<\/p>\n<p>S\u00e9bastien Piquet es un artista y pintor, que es originario del Norte de Francia y que vive ahora cerca de Civray, al Sur del departamento de la Vienne.<\/p>\n<p><span id=\"result_box\" class=\"\" lang=\"es\"><span title=\"Son parcours l'am\u00e8ne en 1992 \u00e0 int\u00e9grer l'Institut Saint Luc de Tournai (Belgique) pour y suivre des \u00e9tudes de Beaux Arts.\">Su carrera lo llev\u00f3 en 1992 a unirse al Instituto Saint Luc en Tournai (B\u00e9lgica) para estudiar Bellas Artes. <\/span><span title=\"Il en ressortira en 1999, dipl\u00f4m\u00e9 de l'Enseignement Professionnel en Arts Graphiques - Graphisme\/Publicit\u00e9.\">\u00c9l saldr\u00e1 en 1999, se gradu\u00f3 de Educaci\u00f3n Profesional en Artes Gr\u00e1ficas &#8211; Dise\u00f1o Gr\u00e1fico \/ Publicidad. <\/span><span title=\"En 1993, en parall\u00e8le de ses \u00e9tudes, S\u00e9bastien perfectionne son apprentissage dans l'Association Aquarellys.\">En 1993, en paralelo con sus estudios, S\u00e9bastien perfeccion\u00f3 su aprendizaje en la Asociaci\u00f3n Aquarellys. <\/span><span title=\"Par ce biais, il participe \u00e9galement \u00e0 ses toutes premi\u00e8res expositions avec les artistes peintres amateurs du club.\">De esta manera, tambi\u00e9n participa en sus primeras exposiciones con los pintores aficionados del club. <\/span><span title=\"D\u00e8s lors, il ne cessera jamais d'exposer... En 1997, il commence a exposer r\u00e9guli\u00e8rement dans les divers salons et manifestations artistiques de la m\u00e9tropole Lilloise.\">Desde entonces, nunca dejar\u00e1 de exponer. En 1997, comenz\u00f3 a exhibir regularmente en los diversos salones y eventos art\u00edsticos de la metr\u00f3polis de Lille. <\/span><span title=\"Tr\u00e8s vite, au fil des expositions, son travail est remarqu\u00e9 par des artistes de renom. \">Muy r\u00e1pidamente, a trav\u00e9s de las exposiciones, su obra es notada por artistas de renombre.<\/span><\/span><\/p>\n<div id=\"gt-lang-right\" class=\"goog-inline-block\" dir=\"ltr\">\n<p><span title=\"Ma\u00eetrisant de nombreuses techniques, il pratique principalement \u00e0 l'acrylique, l'aquarelle et le crayon.\">Dominando muchas t\u00e9cnicas, practica principalmente en acr\u00edlico, acuarela y l\u00e1piz. <\/span><span title=\"Ses \u0153uvres sont pr\u00e9sentent dans de plusieurs collections en France et \u00e0 l'\u00e9tranger (notamment en Belgique).\">Sus obras est\u00e1n presentes en varias colecciones en Francia y en el extranjero (especialmente en B\u00e9lgica). <\/span><span title=\"Il organise de nombreuses expositions, seul ou en groupe et participe \u00e9galement \u00e0 de multiples salons, concours et manifestations artistiques.\">Organiza numerosas exposiciones, solo o en grupos, y tambi\u00e9n participa en m\u00faltiples exposiciones, concursos y eventos art\u00edsticos. <\/span><span title=\"Certains de ces \u00e9v\u00e8nements lui ont permis de se distinguer en \u00e9tant prim\u00e9 ou mis \u00e0 l\u2019honneur (expo-contact \u00e0 Arras).\">Algunos de estos eventos le han permitido distinguirse por ser galardonado u honrado (exposici\u00f3n-contacto en Arras). <\/span><span title=\"On le sollicite \u00e9galement occasionnellement pour \u00eatre membre de jurys artistiques.\">Tambi\u00e9n se le pide ocasionalmente que sea miembro de jurados art\u00edsticos. <\/span><span title=\"P\u00e9dagogue exp\u00e9riment\u00e9, il s'est exerc\u00e9 \u00e9galement, durant plusieurs ann\u00e9es, comme animateur dans des ateliers d'arts ou lors de divers cours et stages de dessin et peinture. \">Pedagogo experimentado, tambi\u00e9n trabaj\u00f3 durante varios a\u00f1os como animador en talleres de arte o durante varios cursos y cursos de dibujo y pintura.<\/span><\/p>\n<p><span title=\"Artiste polyvalent, S\u00e9bastien Piquet s'adonne aussi \u00e0 la r\u00e9alisation de commandes, travaux ou prestations personnalis\u00e9es : r\u00e9alisation de portraits, toiles, dessins ou fresques.\">Artista vers\u00e1til, S\u00e9bastien Piquet tambi\u00e9n se dedica a la realizaci\u00f3n de pedidos, obras o servicios personalizados: realizaci\u00f3n de retratos, pinturas, dibujos o frescos. <\/span><span title=\"De nombreux partenaires lui ont fait \u00e9galement confiance dans l'ex\u00e9cution d'illustrations, travaux graphiques ou encore, lors de performances artistiques.\">Muchos socios tambi\u00e9n han confiado en \u00e9l en la ejecuci\u00f3n de ilustraciones, trabajos gr\u00e1ficos o incluso durante actuaciones art\u00edsticas. <\/span><span title=\"En 2012 l'artiste monte une grande exposition r\u00e9trospective afin de c\u00e9l\u00e9brer ses 20 ans de pratique artistique et ses 10 ans d'exposition.\">En 2012, el artista mont\u00f3 una gran exposici\u00f3n retrospectiva para celebrar sus 20 a\u00f1os de pr\u00e1ctica art\u00edstica y sus 10 a\u00f1os de exposici\u00f3n.<\/span><\/p>\n<\/div>\n<p><span id=\"result_box\" class=\"\" lang=\"en\"><\/span><u>Contacto : <\/u><\/p>\n<p><strong>S\u00e9bastien PIQUET<\/strong><br \/>\nMobil: 06.67.29.89.32<br \/>\nCorreo electr\u00f3nico : theartistcoffee@yahoo.fr<br \/>\nSit\u00edo Internet: http:\/\/www.sebastienpiquet.fr<br \/>\nP\u00e1gina Facebook: https:\/\/www.facebook.com\/SebastienPiquetArtist<\/p>\n<p><img loading=\"lazy\" decoding=\"async\" class=\"alignnone wp-image-7433\" src=\"http:\/\/www.ribaudiere.com\/wp-content\/uploads\/2018\/03\/AFFICHE.01.jpg\" alt=\"\" width=\"1647\" height=\"2330\" srcset=\"https:\/\/www.ribaudiere.com\/wp-content\/uploads\/2018\/03\/AFFICHE.01.jpg 2480w, https:\/\/www.ribaudiere.com\/wp-content\/uploads\/2018\/03\/AFFICHE.01-212x300.jpg 212w, https:\/\/www.ribaudiere.com\/wp-content\/uploads\/2018\/03\/AFFICHE.01-724x1024.jpg 724w, https:\/\/www.ribaudiere.com\/wp-content\/uploads\/2018\/03\/AFFICHE.01-600x849.jpg 600w\" sizes=\"auto, (max-width: 1647px) 100vw, 1647px\" \/><\/p>\n","protected":false},"excerpt":{"rendered":"<p>Exposici\u00f3n de pinturas por S\u00e9bastien Piquet Desde el 31 de Marzo hasta el 27 de Abril 2018, en la sala principal y en el restaurante del Chateau de Clos de la Ribaudi\u00e8re, viene descubrir una exposici\u00f3n de pinturas del artista S\u00e9bastien Piquet. S\u00e9bastien Piquet es un artista y pintor, que es originario del Norte de [&hellip;]<\/p>\n","protected":false},"author":3,"featured_media":7438,"comment_status":"closed","ping_status":"closed","sticky":false,"template":"","format":"standard","meta":{"_acf_changed":false,"footnotes":""},"categories":[33,3],"tags":[],"class_list":["post-7430","post","type-post","status-publish","format-standard","has-post-thumbnail","hentry","category-expositions-es","category-sin-categorizar"],"acf":[],"yoast_head":"<!-- This site is optimized with the Yoast SEO plugin v25.7 - https:\/\/yoast.com\/wordpress\/plugins\/seo\/ -->\n<title>Exposici\u00f3n de pinturas con el artista S\u00e9bastien Piquet - Le Clos de la Ribaudi\u00e8re<\/title>\n<meta name=\"robots\" content=\"index, follow, max-snippet:-1, max-image-preview:large, max-video-preview:-1\" \/>\n<link rel=\"canonical\" href=\"https:\/\/www.ribaudiere.com\/es\/2018\/03\/30\/exposicion-de-pinturas-con-el-artista-sebastien-piquet\/\" \/>\n<meta property=\"og:locale\" content=\"es_ES\" \/>\n<meta property=\"og:type\" content=\"article\" \/>\n<meta property=\"og:title\" content=\"Exposici\u00f3n de pinturas con el artista S\u00e9bastien Piquet - Le Clos de la Ribaudi\u00e8re\" \/>\n<meta property=\"og:description\" content=\"Exposici\u00f3n de pinturas por S\u00e9bastien Piquet Desde el 31 de Marzo hasta el 27 de Abril 2018, en la sala principal y en el restaurante del Chateau de Clos de la Ribaudi\u00e8re, viene descubrir una exposici\u00f3n de pinturas del artista S\u00e9bastien Piquet. S\u00e9bastien Piquet es un artista y pintor, que es originario del Norte de [&hellip;]\" \/>\n<meta property=\"og:url\" content=\"https:\/\/www.ribaudiere.com\/es\/2018\/03\/30\/exposicion-de-pinturas-con-el-artista-sebastien-piquet\/\" \/>\n<meta property=\"og:site_name\" content=\"Le Clos de la Ribaudi\u00e8re\" \/>\n<meta property=\"article:published_time\" content=\"2018-03-30T17:00:24+00:00\" \/>\n<meta property=\"og:image\" content=\"https:\/\/www.ribaudiere.com\/wp-content\/uploads\/2018\/03\/newsletter-Copie.jpg\" \/>\n\t<meta property=\"og:image:width\" content=\"3000\" \/>\n\t<meta property=\"og:image:height\" content=\"996\" \/>\n\t<meta property=\"og:image:type\" content=\"image\/jpeg\" \/>\n<meta name=\"author\" content=\"Clos de la Ribaudi\u00e8re\" \/>\n<meta name=\"twitter:card\" content=\"summary_large_image\" \/>\n<meta name=\"twitter:label1\" content=\"Escrito por\" \/>\n\t<meta name=\"twitter:data1\" content=\"Clos de la Ribaudi\u00e8re\" \/>\n\t<meta name=\"twitter:label2\" content=\"Tiempo de lectura\" \/>\n\t<meta name=\"twitter:data2\" content=\"2 minutos\" \/>\n<script type=\"application\/ld+json\" class=\"yoast-schema-graph\">{\"@context\":\"https:\/\/schema.org\",\"@graph\":[{\"@type\":\"WebPage\",\"@id\":\"https:\/\/www.ribaudiere.com\/es\/2018\/03\/30\/exposicion-de-pinturas-con-el-artista-sebastien-piquet\/\",\"url\":\"https:\/\/www.ribaudiere.com\/es\/2018\/03\/30\/exposicion-de-pinturas-con-el-artista-sebastien-piquet\/\",\"name\":\"Exposici\u00f3n de pinturas con el artista S\u00e9bastien Piquet - Le Clos de la Ribaudi\u00e8re\",\"isPartOf\":{\"@id\":\"https:\/\/www.ribaudiere.com\/#website\"},\"primaryImageOfPage\":{\"@id\":\"https:\/\/www.ribaudiere.com\/es\/2018\/03\/30\/exposicion-de-pinturas-con-el-artista-sebastien-piquet\/#primaryimage\"},\"image\":{\"@id\":\"https:\/\/www.ribaudiere.com\/es\/2018\/03\/30\/exposicion-de-pinturas-con-el-artista-sebastien-piquet\/#primaryimage\"},\"thumbnailUrl\":\"https:\/\/www.ribaudiere.com\/wp-content\/uploads\/2018\/03\/newsletter-Copie.jpg\",\"datePublished\":\"2018-03-30T17:00:24+00:00\",\"author\":{\"@id\":\"https:\/\/www.ribaudiere.com\/#\/schema\/person\/d7c221d68a82c371c44cdab79b9a0979\"},\"breadcrumb\":{\"@id\":\"https:\/\/www.ribaudiere.com\/es\/2018\/03\/30\/exposicion-de-pinturas-con-el-artista-sebastien-piquet\/#breadcrumb\"},\"inLanguage\":\"es\",\"potentialAction\":[{\"@type\":\"ReadAction\",\"target\":[\"https:\/\/www.ribaudiere.com\/es\/2018\/03\/30\/exposicion-de-pinturas-con-el-artista-sebastien-piquet\/\"]}]},{\"@type\":\"ImageObject\",\"inLanguage\":\"es\",\"@id\":\"https:\/\/www.ribaudiere.com\/es\/2018\/03\/30\/exposicion-de-pinturas-con-el-artista-sebastien-piquet\/#primaryimage\",\"url\":\"https:\/\/www.ribaudiere.com\/wp-content\/uploads\/2018\/03\/newsletter-Copie.jpg\",\"contentUrl\":\"https:\/\/www.ribaudiere.com\/wp-content\/uploads\/2018\/03\/newsletter-Copie.jpg\",\"width\":3000,\"height\":996},{\"@type\":\"BreadcrumbList\",\"@id\":\"https:\/\/www.ribaudiere.com\/es\/2018\/03\/30\/exposicion-de-pinturas-con-el-artista-sebastien-piquet\/#breadcrumb\",\"itemListElement\":[{\"@type\":\"ListItem\",\"position\":1,\"name\":\"Accueil\",\"item\":\"https:\/\/www.ribaudiere.com\/es\/\"},{\"@type\":\"ListItem\",\"position\":2,\"name\":\"Exposici\u00f3n de pinturas con el artista S\u00e9bastien Piquet\"}]},{\"@type\":\"WebSite\",\"@id\":\"https:\/\/www.ribaudiere.com\/#website\",\"url\":\"https:\/\/www.ribaudiere.com\/\",\"name\":\"Le Clos de la Ribaudi\u00e8re\",\"description\":\"Un site utilisant WordPress\",\"potentialAction\":[{\"@type\":\"SearchAction\",\"target\":{\"@type\":\"EntryPoint\",\"urlTemplate\":\"https:\/\/www.ribaudiere.com\/?s={search_term_string}\"},\"query-input\":{\"@type\":\"PropertyValueSpecification\",\"valueRequired\":true,\"valueName\":\"search_term_string\"}}],\"inLanguage\":\"es\"},{\"@type\":\"Person\",\"@id\":\"https:\/\/www.ribaudiere.com\/#\/schema\/person\/d7c221d68a82c371c44cdab79b9a0979\",\"name\":\"Clos de la Ribaudi\u00e8re\",\"image\":{\"@type\":\"ImageObject\",\"inLanguage\":\"es\",\"@id\":\"https:\/\/www.ribaudiere.com\/#\/schema\/person\/image\/\",\"url\":\"https:\/\/secure.gravatar.com\/avatar\/306367f59d125e07da6bddf4201a8d6e087126290ab1e88ad582f6bdab4da4a1?s=96&d=mm&r=g\",\"contentUrl\":\"https:\/\/secure.gravatar.com\/avatar\/306367f59d125e07da6bddf4201a8d6e087126290ab1e88ad582f6bdab4da4a1?s=96&d=mm&r=g\",\"caption\":\"Clos de la Ribaudi\u00e8re\"},\"url\":\"https:\/\/www.ribaudiere.com\/es\/author\/ribaudiere86\/\"}]}<\/script>\n<!-- \/ Yoast SEO plugin. -->","yoast_head_json":{"title":"Exposici\u00f3n de pinturas con el artista S\u00e9bastien Piquet - Le Clos de la Ribaudi\u00e8re","robots":{"index":"index","follow":"follow","max-snippet":"max-snippet:-1","max-image-preview":"max-image-preview:large","max-video-preview":"max-video-preview:-1"},"canonical":"https:\/\/www.ribaudiere.com\/es\/2018\/03\/30\/exposicion-de-pinturas-con-el-artista-sebastien-piquet\/","og_locale":"es_ES","og_type":"article","og_title":"Exposici\u00f3n de pinturas con el artista S\u00e9bastien Piquet - Le Clos de la Ribaudi\u00e8re","og_description":"Exposici\u00f3n de pinturas por S\u00e9bastien Piquet Desde el 31 de Marzo hasta el 27 de Abril 2018, en la sala principal y en el restaurante del Chateau de Clos de la Ribaudi\u00e8re, viene descubrir una exposici\u00f3n de pinturas del artista S\u00e9bastien Piquet. S\u00e9bastien Piquet es un artista y pintor, que es originario del Norte de [&hellip;]","og_url":"https:\/\/www.ribaudiere.com\/es\/2018\/03\/30\/exposicion-de-pinturas-con-el-artista-sebastien-piquet\/","og_site_name":"Le Clos de la Ribaudi\u00e8re","article_published_time":"2018-03-30T17:00:24+00:00","og_image":[{"width":3000,"height":996,"url":"https:\/\/www.ribaudiere.com\/wp-content\/uploads\/2018\/03\/newsletter-Copie.jpg","type":"image\/jpeg"}],"author":"Clos de la Ribaudi\u00e8re","twitter_card":"summary_large_image","twitter_misc":{"Escrito por":"Clos de la Ribaudi\u00e8re","Tiempo de lectura":"2 minutos"},"schema":{"@context":"https:\/\/schema.org","@graph":[{"@type":"WebPage","@id":"https:\/\/www.ribaudiere.com\/es\/2018\/03\/30\/exposicion-de-pinturas-con-el-artista-sebastien-piquet\/","url":"https:\/\/www.ribaudiere.com\/es\/2018\/03\/30\/exposicion-de-pinturas-con-el-artista-sebastien-piquet\/","name":"Exposici\u00f3n de pinturas con el artista S\u00e9bastien Piquet - Le Clos de la Ribaudi\u00e8re","isPartOf":{"@id":"https:\/\/www.ribaudiere.com\/#website"},"primaryImageOfPage":{"@id":"https:\/\/www.ribaudiere.com\/es\/2018\/03\/30\/exposicion-de-pinturas-con-el-artista-sebastien-piquet\/#primaryimage"},"image":{"@id":"https:\/\/www.ribaudiere.com\/es\/2018\/03\/30\/exposicion-de-pinturas-con-el-artista-sebastien-piquet\/#primaryimage"},"thumbnailUrl":"https:\/\/www.ribaudiere.com\/wp-content\/uploads\/2018\/03\/newsletter-Copie.jpg","datePublished":"2018-03-30T17:00:24+00:00","author":{"@id":"https:\/\/www.ribaudiere.com\/#\/schema\/person\/d7c221d68a82c371c44cdab79b9a0979"},"breadcrumb":{"@id":"https:\/\/www.ribaudiere.com\/es\/2018\/03\/30\/exposicion-de-pinturas-con-el-artista-sebastien-piquet\/#breadcrumb"},"inLanguage":"es","potentialAction":[{"@type":"ReadAction","target":["https:\/\/www.ribaudiere.com\/es\/2018\/03\/30\/exposicion-de-pinturas-con-el-artista-sebastien-piquet\/"]}]},{"@type":"ImageObject","inLanguage":"es","@id":"https:\/\/www.ribaudiere.com\/es\/2018\/03\/30\/exposicion-de-pinturas-con-el-artista-sebastien-piquet\/#primaryimage","url":"https:\/\/www.ribaudiere.com\/wp-content\/uploads\/2018\/03\/newsletter-Copie.jpg","contentUrl":"https:\/\/www.ribaudiere.com\/wp-content\/uploads\/2018\/03\/newsletter-Copie.jpg","width":3000,"height":996},{"@type":"BreadcrumbList","@id":"https:\/\/www.ribaudiere.com\/es\/2018\/03\/30\/exposicion-de-pinturas-con-el-artista-sebastien-piquet\/#breadcrumb","itemListElement":[{"@type":"ListItem","position":1,"name":"Accueil","item":"https:\/\/www.ribaudiere.com\/es\/"},{"@type":"ListItem","position":2,"name":"Exposici\u00f3n de pinturas con el artista S\u00e9bastien Piquet"}]},{"@type":"WebSite","@id":"https:\/\/www.ribaudiere.com\/#website","url":"https:\/\/www.ribaudiere.com\/","name":"Le Clos de la Ribaudi\u00e8re","description":"Un site utilisant WordPress","potentialAction":[{"@type":"SearchAction","target":{"@type":"EntryPoint","urlTemplate":"https:\/\/www.ribaudiere.com\/?s={search_term_string}"},"query-input":{"@type":"PropertyValueSpecification","valueRequired":true,"valueName":"search_term_string"}}],"inLanguage":"es"},{"@type":"Person","@id":"https:\/\/www.ribaudiere.com\/#\/schema\/person\/d7c221d68a82c371c44cdab79b9a0979","name":"Clos de la Ribaudi\u00e8re","image":{"@type":"ImageObject","inLanguage":"es","@id":"https:\/\/www.ribaudiere.com\/#\/schema\/person\/image\/","url":"https:\/\/secure.gravatar.com\/avatar\/306367f59d125e07da6bddf4201a8d6e087126290ab1e88ad582f6bdab4da4a1?s=96&d=mm&r=g","contentUrl":"https:\/\/secure.gravatar.com\/avatar\/306367f59d125e07da6bddf4201a8d6e087126290ab1e88ad582f6bdab4da4a1?s=96&d=mm&r=g","caption":"Clos de la Ribaudi\u00e8re"},"url":"https:\/\/www.ribaudiere.com\/es\/author\/ribaudiere86\/"}]}},"_links":{"self":[{"href":"https:\/\/www.ribaudiere.com\/es\/wp-json\/wp\/v2\/posts\/7430","targetHints":{"allow":["GET"]}}],"collection":[{"href":"https:\/\/www.ribaudiere.com\/es\/wp-json\/wp\/v2\/posts"}],"about":[{"href":"https:\/\/www.ribaudiere.com\/es\/wp-json\/wp\/v2\/types\/post"}],"author":[{"embeddable":true,"href":"https:\/\/www.ribaudiere.com\/es\/wp-json\/wp\/v2\/users\/3"}],"replies":[{"embeddable":true,"href":"https:\/\/www.ribaudiere.com\/es\/wp-json\/wp\/v2\/comments?post=7430"}],"version-history":[{"count":3,"href":"https:\/\/www.ribaudiere.com\/es\/wp-json\/wp\/v2\/posts\/7430\/revisions"}],"predecessor-version":[{"id":7472,"href":"https:\/\/www.ribaudiere.com\/es\/wp-json\/wp\/v2\/posts\/7430\/revisions\/7472"}],"wp:featuredmedia":[{"embeddable":true,"href":"https:\/\/www.ribaudiere.com\/es\/wp-json\/wp\/v2\/media\/7438"}],"wp:attachment":[{"href":"https:\/\/www.ribaudiere.com\/es\/wp-json\/wp\/v2\/media?parent=7430"}],"wp:term":[{"taxonomy":"category","embeddable":true,"href":"https:\/\/www.ribaudiere.com\/es\/wp-json\/wp\/v2\/categories?post=7430"},{"taxonomy":"post_tag","embeddable":true,"href":"https:\/\/www.ribaudiere.com\/es\/wp-json\/wp\/v2\/tags?post=7430"}],"curies":[{"name":"wp","href":"https:\/\/api.w.org\/{rel}","templated":true}]}}